{"id":2564,"date":"2024-02-08T14:02:54","date_gmt":"2024-02-08T13:02:54","guid":{"rendered":"https:\/\/www.institut-cognition.com\/?p=2564"},"modified":"2024-02-08T14:02:54","modified_gmt":"2024-02-08T13:02:54","slug":"les-sciences-cognitives-au-service-des-villes","status":"publish","type":"post","link":"https:\/\/www.institut-cognition.com\/en\/2024\/02\/08\/les-sciences-cognitives-au-service-des-villes\/","title":{"rendered":"Les sciences cognitives au service des villes"},"content":{"rendered":"<h2 class=\"wp-block-heading\">La cognition et les villes<\/h2>\n\n\n\n<p>Les sciences cognitives peuvent \u00eatre mobilis\u00e9es \u00e0 toutes les \u00e9tapes d\u2019un projet immobilier ou urbain, et \u00e0 toutes ses \u00e9chelles (de la cellule \u00e0 la ville, de l\u2019immeuble au quartier). Il est possible aussi d\u2019\u00e9tudier le sentiment de bien-\u00eatre, d\u2019appartenance \u00e0 la communaut\u00e9 locale ou d\u2019appropriation du lieu.<\/p>\n\n\n\n<p>Si nos sens sont la premi\u00e8re interface avec le monde ext\u00e9rieur, penser la ville de demain am\u00e8ne \u00e0 poser la question : comment ressent-on la ville&nbsp;? C\u2019est justement l\u2019objectif de la neuro-architecture que d\u2019essayer de comprendre ce qui se passe dans notre cerveau lorsqu\u2019on explore un espace architectural.<\/p>\n\n\n\n<h2 class=\"wp-block-heading\"><strong>Prendre en compte les \u00e9motions des citadins<\/strong><\/h2>\n\n\n\n<p>En France, les neurosciences cognitives sont encore peu prises en compte dans l\u2019urbanisme.&nbsp;<br>La d\u00e9marche peut surprendre, tant on a peu l\u2019habitude de voir associ\u00e9es les sciences cognitives&nbsp;et les politiques territoriales. Mais de nombreuses collectivit\u00e9s s\u2019int\u00e9ressent au bien \u00eatre de leurs concitoyens. De plus<strong>, <\/strong>en menant une r\u00e9flexion sur l\u2019apport des sciences cognitives pour favoriser la coh\u00e9sion sur le territoire et susciter les changements de comportement, il est attendu l\u2019\u00e9mergence, le d\u00e9ploiement et la p\u00e9rennit\u00e9 d\u2019un engagement citoyen renouvel\u00e9 comme le r\u00e9v\u00e8le une th\u00e8se au sein du LaPEA (rattach\u00e9 \u00e0 l\u2019Institut Carnot Cognition).<\/p>\n\n\n\n<h2 class=\"wp-block-heading\"><strong>L\u2019impact de la ville sur le cerveau<\/strong><\/h2>\n\n\n\n<p>Alors que la majorit\u00e9 de la population r\u00e9side dans les villes, les environnements de b\u00e9ton et d&rsquo;automobiles auxquels nous sommes confront\u00e9s auraient des incidences sur notre sant\u00e9 mentale et physique, jusqu&rsquo;\u00e0 modifier la fa\u00e7on dont nous pensons. Les neuroscientifiques et les psychologues commencent \u00e0 s&rsquo;int\u00e9resser \u00e0 l&rsquo;am\u00e9nagement urbain pour qu&rsquo;il cause moins d&rsquo;atteinte \u00e0 notre cerveau.<br>Des chercheurs am\u00e9ricains et australiens ont montr\u00e9 que le simple fait de vivre dans un environnement urbain \u00e0 des effets sur nos processus mentaux de base. Apr\u00e8s avoir pass\u00e9 quelques minutes dans une rue bond\u00e9e, le cerveau est moins en mesure d&rsquo;organiser les informations qu&rsquo;il re\u00e7oit dans la m\u00e9moire. A l&rsquo;inverse, la nature serait un \u00e9l\u00e9ment extr\u00eamement b\u00e9n\u00e9fique pour le cerveau.<br>En r\u00e9sum\u00e9, notre cerveau souffre en ville. Les maladies psychiques sont en lien direct avec la taille des m\u00e9gapoles. D&rsquo;o\u00f9 l&rsquo;importance de pouvoir prendre de la distance. Voire d&rsquo;int\u00e9grer les acquis du neuro-urbanisme dans la conception de nos futures villes.<\/p>\n\n\n\n<h2 class=\"wp-block-heading\"><strong>La neuroarchitecture<\/strong><\/h2>\n\n\n\n<p>La&nbsp;neuroarchitecture&nbsp;est un domaine interdisciplinaire qui \u00e9tudie l\u2019impact de l\u2019environnement sur le&nbsp;cerveau&nbsp;et le&nbsp;comportement&nbsp;des individus.<br>Actuellement, les chercheurs ont \u00e0 leur disposition plusieurs m\u00e9thodes fiables pour \u00e9valuer les r\u00e9actions&nbsp;physiologiques&nbsp;de l\u2019\u00eatre humain face \u00e0 son&nbsp;environnement. Les&nbsp;avanc\u00e9es&nbsp;de la neuroarchitecture sont une&nbsp;mini-r\u00e9volution. Gr\u00e2ce \u00e0 des m\u00e9thodes telles que la r\u00e9alit\u00e9 virtuelle, les scientifiques peuvent&nbsp;simuler&nbsp;des environnements selon leurs besoins. Ils utilisent \u00e9galement des outils de psychologie classique et des&nbsp;capteurs sensoriels&nbsp;suppos\u00e9s sur le corps pour mesurer le rythme cardiaque, la temp\u00e9rature corporelle et l\u2019activit\u00e9 des glandes sudoripares. Dans certains cas, les ondes c\u00e9r\u00e9brales et les mouvements oculaires sont \u00e9galement port\u00e9s \u00e0 l\u2019aide de simples visi\u00e8res.<\/p>\n\n\n\n<h2 class=\"wp-block-heading\"><strong>L\u2019autisme dans la ville<\/strong><\/h2>\n\n\n\n<p>Les personnes autistes sont des publics particuli\u00e8rement impact\u00e9s par l\u2019environnement architectural et urbain. D\u00e8s lors, si ces particularit\u00e9s ne sont pas int\u00e9gr\u00e9es lors de la conception du b\u00e2timent, l\u2019environnement peut devenir source de stress, de douleur et d\u2019anxi\u00e9t\u00e9 pour ces personnes.On retrouve par exemple davantage d\u2019atypies de la perception visuelle chez les autistes, que ce soit dans le traitement des informations visuelles, dans la perception des mouvements, des formes ou des couleurs. Certains autistes pr\u00e9sentent aussi une forte sensibilit\u00e9 \u2013 ou une hyposensibilit\u00e9 \u2013 au bruit. D\u00e8s lors, si ces particularit\u00e9s ne sont pas int\u00e9gr\u00e9es d\u00e8s la conception du b\u00e2timent, l\u2019environnement peut devenir source de stress, de douleur et d\u2019anxi\u00e9t\u00e9 pour ces personnes.<\/p>\n\n\n\n<h2 class=\"wp-block-heading\">La ville connect\u00e9e<\/h2>\n\n\n\n<p>Parmi les technologies qui aident les villes \u00e0 devenir plus agr\u00e9ables \u00e0 vivre et plus respectueuses de l\u2019environnement,&nbsp;<strong>l\u2019Internet des objets ou IoT<\/strong>&nbsp;(Internet of Things) est fondamental.<br>Les villes font aujourd\u2019hui face \u00e0 plusieurs enjeux de soci\u00e9t\u00e9. Elles doivent ma\u00eetriser leurs consommations d\u2019\u00e9nergies pour des raisons tant \u00e9conomiques qu\u2019\u00e9cologiques, et optimiser le mode de fonctionnement de secteurs cl\u00e9s (transport, sant\u00e9, s\u00e9curit\u00e9\u2026). Le tout en informant r\u00e9guli\u00e8rement avec les citoyens.<br>Pour faciliter le traitement de la quantit\u00e9 massive d\u2019informations,&nbsp;<strong>l\u2019intelligence artificielle (IA)<\/strong>&nbsp;vient compl\u00e9ter l\u2019IoT. Elle analyse des donn\u00e9es complexes tout en appliquant des mesures correctives de fa\u00e7on autonome selon les r\u00e9sultats. C\u2019est une technologie particuli\u00e8rement efficace dans la gestion des feux de circulation ou encore la r\u00e9gulation du trafic, la gestion et la collecte des d\u00e9chets.<\/p>\n\n\n\n<p><a href=\"https:\/\/www.institut-cognition.com\/wp-admin\/post.php?post=18&amp;action=edit\">Contactez-nous si vous avez un projet pour votre ville ou votre collectivit\u00e9<\/a><\/p>","protected":false},"excerpt":{"rendered":"<p>La cognition et les villes Les sciences cognitives peuvent \u00eatre mobilis\u00e9es \u00e0 toutes les \u00e9tapes d\u2019un projet immobilier ou urbain, et \u00e0 toutes ses \u00e9chelles (de la cellule \u00e0 la ville, de l\u2019immeuble au quartier). Il est possible aussi d\u2019\u00e9tudier le sentiment de bien-\u00eatre, d\u2019appartenance \u00e0 la communaut\u00e9 locale ou d\u2019appropriation du lieu. Si nos [&hellip;]<\/p>\n","protected":false},"author":23,"featured_media":2568,"comment_status":"open","ping_status":"open","sticky":false,"template":"","format":"standard","meta":{"_acf_changed":false,"_seopress_robots_primary_cat":"","_seopress_titles_title":"","_seopress_titles_desc":"","_seopress_robots_index":"","footnotes":""},"categories":[11],"tags":[],"class_list":["post-2564","post","type-post","status-publish","format-standard","has-post-thumbnail","hentry","category-non-classe"],"acf":[],"_links":{"self":[{"href":"https:\/\/www.institut-cognition.com\/en\/wp-json\/wp\/v2\/posts\/2564","targetHints":{"allow":["GET"]}}],"collection":[{"href":"https:\/\/www.institut-cognition.com\/en\/wp-json\/wp\/v2\/posts"}],"about":[{"href":"https:\/\/www.institut-cognition.com\/en\/wp-json\/wp\/v2\/types\/post"}],"author":[{"embeddable":true,"href":"https:\/\/www.institut-cognition.com\/en\/wp-json\/wp\/v2\/users\/23"}],"replies":[{"embeddable":true,"href":"https:\/\/www.institut-cognition.com\/en\/wp-json\/wp\/v2\/comments?post=2564"}],"version-history":[{"count":0,"href":"https:\/\/www.institut-cognition.com\/en\/wp-json\/wp\/v2\/posts\/2564\/revisions"}],"wp:featuredmedia":[{"embeddable":true,"href":"https:\/\/www.institut-cognition.com\/en\/wp-json\/wp\/v2\/media\/2568"}],"wp:attachment":[{"href":"https:\/\/www.institut-cognition.com\/en\/wp-json\/wp\/v2\/media?parent=2564"}],"wp:term":[{"taxonomy":"category","embeddable":true,"href":"https:\/\/www.institut-cognition.com\/en\/wp-json\/wp\/v2\/categories?post=2564"},{"taxonomy":"post_tag","embeddable":true,"href":"https:\/\/www.institut-cognition.com\/en\/wp-json\/wp\/v2\/tags?post=2564"}],"curies":[{"name":"wp","href":"https:\/\/api.w.org\/{rel}","templated":true}]}}