{"id":2468,"date":"2024-01-25T10:23:48","date_gmt":"2024-01-25T09:23:48","guid":{"rendered":"https:\/\/www.institut-cognition.com\/?p=2468"},"modified":"2024-01-25T10:23:48","modified_gmt":"2024-01-25T09:23:48","slug":"acces-aux-soins-quel-est-le-role-de-la-recherche-sur-la-cognition","status":"publish","type":"post","link":"https:\/\/www.institut-cognition.com\/en\/2024\/01\/25\/acces-aux-soins-quel-est-le-role-de-la-recherche-sur-la-cognition\/","title":{"rendered":"Acc\u00e8s aux soins : quel est le r\u00f4le de la recherche sur la cognition ?"},"content":{"rendered":"<h1 class=\"wp-block-heading has-medium-font-size\">Acc\u00e8s aux soins : quel est le r\u00f4le de la recherche sur la cognition ?<\/h1>\n\n\n\n<p>L\u2019accessibilit\u00e9 aux soins de sant\u00e9 est la capacit\u00e9 qu\u2019une personne \u00e0 obtenir de l&rsquo;aide et des prestations adapt\u00e9es \u00e0 son \u00e9tat. Mais en 2024, cet acc\u00e8s n&rsquo;est <strong>pas fluide et les difficult\u00e9s rencontr\u00e9es sont nombreuses <\/strong>et ne cessent d&rsquo;augmenter.<\/p>\n\n\n\n<p>Sans entrer dans des enjeux politiques qui rel\u00e8vent du minist\u00e8re de la Sant\u00e9, <a href=\"https:\/\/www.institut-cognition.com\/en\/\">l&rsquo;Institut Cognition<\/a> propose un panel de solutions technologiques qui permettent d&rsquo;am\u00e9liorer l&rsquo;acc\u00e8s aux soins, pour les malades, mais aussi pour les professionnels de sant\u00e9.<\/p>\n\n\n\n<p>C&rsquo;est ce que nous vous pr\u00e9sentons dans cet article.<\/p>\n\n\n\n<h2 class=\"wp-block-heading\">Etat des lieux de l&rsquo;accessibilit\u00e9 des soins en France.<\/h2>\n\n\n\n<p>L&rsquo;acc\u00e8s aux services de sant\u00e9 est \u00e9troitement li\u00e9 \u00e0 <strong>la pr\u00e9sence ou \u00e0 l&rsquo;absence de divers obstacles <\/strong>susceptibles d&rsquo;influencer l&rsquo;utilisation des services m\u00e9dicaux dans les territoires. Ces barri\u00e8res peuvent d\u00e9couler :<\/p>\n\n\n\n<ul class=\"wp-block-list\">\n<li>De la situation \u00e9conomique, tant personnelle que nationale.<\/li>\n\n\n\n<li>Du syst\u00e8me de sant\u00e9 en place.<\/li>\n\n\n\n<li>Des facilit\u00e9s ou des difficult\u00e9s d&rsquo;acc\u00e8s aux services m\u00e9dicaux.<\/li>\n\n\n\n<li>De la qualit\u00e9 des soins.<\/li>\n<\/ul>\n\n\n\n<p>Un premier indicateur significatif r\u00e9side dans <strong>le nombre de professionnels de sant\u00e9 pr\u00e9sents sur un territoire.<\/strong> En m\u00e9tropole, la densit\u00e9 m\u00e9dicale avoisine environ 3,3 m\u00e9decins pour mille habitants, un chiffre qui se situe approximativement \u00e0 la moyenne observ\u00e9e dans les pays de l&rsquo;OCDE.<\/p>\n\n\n\n<h3 class=\"wp-block-heading\">Une fracture sanitaire g\u00e9ographique importante.<\/h3>\n\n\n\n<p>En France, c&rsquo;est sur le plan g\u00e9ographique que la disparit\u00e9 dans l&rsquo;acc\u00e8s aux soins est la plus criante.<\/p>\n\n\n\n<p>On estime que <strong>plus de 25 millions de citoyens r\u00e9sident dans des zones o\u00f9 les services m\u00e9dicaux lib\u00e9raux sont insuffisants<\/strong>. Par exemple :<\/p>\n\n\n\n<ul class=\"wp-block-list\">\n<li>Pr\u00e8s de 25% des femmes se trouvent dans des d\u00e9serts m\u00e9dicaux gyn\u00e9cologiques.<\/li>\n\n\n\n<li>Pr\u00e8s de 1 enfant sur 3 fait face \u00e0 un manque de services p\u00e9diatriques.<\/li>\n\n\n\n<li>Plus de 23% des personnes rencontrent des difficult\u00e9s pour acc\u00e9der \u00e0 moins de 30 minutes de route \u00e0 un m\u00e9decin g\u00e9n\u00e9raliste.<\/li>\n<\/ul>\n\n\n\n<p>De plus, selon une enqu\u00eate r\u00e9alis\u00e9e par l&rsquo;UFC Que Choisir, une majorit\u00e9 de g\u00e9n\u00e9ralistes (51,5 %) ont refus\u00e9 de prendre de nouveaux patients en 2023 (alors m\u00eame qu&rsquo;il est demand\u00e9 \u00e0 chaque citoyen d&rsquo;avoir un m\u00e9decin traitant identifi\u00e9), compar\u00e9 \u00e0 44 % en 2019. Les motifs principaux \u00e9voqu\u00e9s par ces professionnels de sant\u00e9 \u00e9tant le nombre \u00e9lev\u00e9 de patients d\u00e9j\u00e0 suivis et l&rsquo;approche de leur retraite.<\/p>\n\n\n\n<h3 class=\"wp-block-heading\">Un reste \u00e0 charge qui entrave l&rsquo;acc\u00e8s aux soins.<\/h3>\n\n\n\n<p>Sur le plan financier, avec plus de 3 milliards d&rsquo;euros en 2021, <strong>les d\u00e9passements d&rsquo;honoraires pay\u00e9s par les usagers sont \u00e9galement en forte augmentation<\/strong>. Il devient en effet de plus en plus difficile de trouver des m\u00e9decins sp\u00e9cialistes qui appliquent les tarifs de secteur 1 de l&rsquo;assurance maladie. Ainsi, plus de 80% des patients manquent d&rsquo;ophtalmologues ou de gyn\u00e9cologues de ce secteur conventionn\u00e9 \u00e0 moins de 45 minutes de chez eux, les exposant ainsi aux d\u00e9passements d&rsquo;honoraires.<\/p>\n\n\n\n<p>Par ailleurs, tous n&rsquo;ont pas n\u00e9cessairement les ressources pour s&rsquo;offrir une compl\u00e9mentaire sant\u00e9 qui leur rembourserait ces frais suppl\u00e9mentaires.<\/p>\n\n\n\n<h2 class=\"wp-block-heading\">Comment l&rsquo;Institut Carnot Cognition facilite l&rsquo;acc\u00e8s aux soins des personnes.<\/h2>\n\n\n\n<p>R\u00e9pondre aux besoins des usagers et des professionnels de sant\u00e9, pour permettre un parcours de soins adapt\u00e9 \u00e0 chacun, est donc un enjeu fondamental pour les ann\u00e9es \u00e0 venir.<\/p>\n\n\n\n<p><a href=\"https:\/\/www.institut-cognition.com\/en\/\">L&rsquo;Institut Cognition<\/a>, de par son large spectre de comp\u00e9tences, est capable d&rsquo;apporter <strong>des r\u00e9ponses concr\u00e8tes aux patients comme aux acteurs du secteur de la sant\u00e9.<\/strong><\/p>\n\n\n\n<p>Voici quelques-unes de collaborations.<\/p>\n\n\n\n<h3 class=\"wp-block-heading\">Covirtua Healthcare : la rem\u00e9diation cognitive qui aide les patients \u00e0 retrouver leur autonomie.<\/h3>\n\n\n\n<p>C&rsquo;est une solution innovante pour aider des personnes avec des troubles cognitifs \u00e0 se r\u00e9-adapter \u00e0 une vie quotidienne.<\/p>\n\n\n\n<h3 class=\"wp-block-heading\">L&rsquo;acc\u00e8s aux soins des personnes en situation de handicap mental et qui avancent en \u00e2ge.<\/h3>\n\n\n\n<p>&nbsp;<a href=\"https:\/\/www.institut-cognition.com\/en\/contact\/\">Contactez nos \u00e9quipes sp\u00e9cialistes des probl\u00e9matiques de la sant\u00e9 et de la pr\u00e9vention.<\/a><\/p>","protected":false},"excerpt":{"rendered":"<p>Acc\u00e8s aux soins : quel est le r\u00f4le de la recherche sur la cognition ? L\u2019accessibilit\u00e9 aux soins de sant\u00e9 est la capacit\u00e9 qu\u2019une personne \u00e0 obtenir de l&rsquo;aide et des prestations adapt\u00e9es \u00e0 son \u00e9tat. Mais en 2024, cet acc\u00e8s n&rsquo;est pas fluide et les difficult\u00e9s rencontr\u00e9es sont nombreuses et ne cessent d&rsquo;augmenter. Sans [&hellip;]<\/p>\n","protected":false},"author":23,"featured_media":2470,"comment_status":"open","ping_status":"open","sticky":false,"template":"","format":"standard","meta":{"_acf_changed":false,"_seopress_robots_primary_cat":"","_seopress_titles_title":"","_seopress_titles_desc":"","_seopress_robots_index":"","footnotes":""},"categories":[11],"tags":[],"class_list":["post-2468","post","type-post","status-publish","format-standard","has-post-thumbnail","hentry","category-non-classe"],"acf":[],"_links":{"self":[{"href":"https:\/\/www.institut-cognition.com\/en\/wp-json\/wp\/v2\/posts\/2468","targetHints":{"allow":["GET"]}}],"collection":[{"href":"https:\/\/www.institut-cognition.com\/en\/wp-json\/wp\/v2\/posts"}],"about":[{"href":"https:\/\/www.institut-cognition.com\/en\/wp-json\/wp\/v2\/types\/post"}],"author":[{"embeddable":true,"href":"https:\/\/www.institut-cognition.com\/en\/wp-json\/wp\/v2\/users\/23"}],"replies":[{"embeddable":true,"href":"https:\/\/www.institut-cognition.com\/en\/wp-json\/wp\/v2\/comments?post=2468"}],"version-history":[{"count":0,"href":"https:\/\/www.institut-cognition.com\/en\/wp-json\/wp\/v2\/posts\/2468\/revisions"}],"wp:featuredmedia":[{"embeddable":true,"href":"https:\/\/www.institut-cognition.com\/en\/wp-json\/wp\/v2\/media\/2470"}],"wp:attachment":[{"href":"https:\/\/www.institut-cognition.com\/en\/wp-json\/wp\/v2\/media?parent=2468"}],"wp:term":[{"taxonomy":"category","embeddable":true,"href":"https:\/\/www.institut-cognition.com\/en\/wp-json\/wp\/v2\/categories?post=2468"},{"taxonomy":"post_tag","embeddable":true,"href":"https:\/\/www.institut-cognition.com\/en\/wp-json\/wp\/v2\/tags?post=2468"}],"curies":[{"name":"wp","href":"https:\/\/api.w.org\/{rel}","templated":true}]}}