{"id":2272,"date":"2023-08-31T14:29:50","date_gmt":"2023-08-31T12:29:50","guid":{"rendered":"https:\/\/www.institut-cognition.com\/?p=2272"},"modified":"2023-08-31T14:29:50","modified_gmt":"2023-08-31T12:29:50","slug":"iteca-et-le-cerca","status":"publish","type":"post","link":"https:\/\/www.institut-cognition.com\/en\/2023\/08\/31\/iteca-et-le-cerca\/","title":{"rendered":"ITECA et le CERCA"},"content":{"rendered":"<p><strong>La PME ITECA est un \u00e9diteur de logiciels innovants pour l\u2019industrie et a notamment une expertise sur les jumeaux num\u00e9riques. Elle a \u00e9t\u00e9 cr\u00e9\u00e9e en 2015. Bas\u00e9e \u00e0 Angoul\u00eame, elle collabore avec le CERCA, l\u2019un des laboratoires f\u00e9d\u00e9r\u00e9s par l\u2019Institut Carnot Cognition. Arnaud Favareilles d&rsquo;Iteca nous pr\u00e9sente sa collaboration avec ce laboratoire bas\u00e9 \u00e0 Poitiers.<\/strong><\/p>\n<p>Quels sont les principaux atouts du CERCA ?<br \/>\nTout d\u2019abord, nous connaissons bien l\u2019\u00e9cosyst\u00e8me de l\u2019Universit\u00e9 de Poitiers car nous avons un laboratoire commun avec le CNRS, MACH4. C\u2019est ainsi que nous avons connu le CERCA. Nous sommes des ing\u00e9nieurs et concevons des applications gr\u00e2ce aux technologies que nous ma\u00eetrisons. Le CERCA nous permet de nous poser et d\u2019aborder des probl\u00e9matiques que nous n\u2019avons pas forc\u00e9ment le temps au quotidien d\u2019aborder. On prend le temps de mieux conna\u00eetre l\u2019impact de nos produits sur leurs utilisateurs finaux. Nous disposons de donn\u00e9es tangibles, scientifiques qui nous permettent d\u2019am\u00e9liorer nos produits.<br \/>\nComment travaillez-vous avec le CERCA ?<br \/>\nDe plusieurs mani\u00e8res. Tout d\u2019abord, nous leur avons mis \u00e0 disposition nos technologies pour une th\u00e9matique bien pr\u00e9cise : dans le cadre d\u2019op\u00e9rations virtuelles de maintenance, comment diminuer la charge mentale de l\u2019op\u00e9rateur via des aides visuelles et haptiques impl\u00e9ment\u00e9es dans l\u2019environnement virtuel ? Cette \u00e9tude rentre notamment dans le cadre d\u2019une th\u00e8se financ\u00e9e par la R\u00e9gion Nouvelle-Aquitaine. On a mis \u00e0 disposition des applications, des sc\u00e8nes de r\u00e9alit\u00e9 virtuelle ainsi que du mat\u00e9riel.<br \/>\nQu\u2019attendez-vous de votre collaboration avec le CERCA ?<br \/>\nEn tant qu\u2019entreprise, nous sommes dans le temps court. Avec le CERCA, nous nous inscrivons dans un temps plus long et nous pouvons assoir nos produits sur des bases scientifiques. Les premiers r\u00e9sultats ont d\u00e9j\u00e0 am\u00e9lior\u00e9 certains de nos produits \u00e0 l\u2019\u00e9t\u00e9 2022.<br \/>\nQue repr\u00e9sentent les technologies cognitives pour ITECA ?<br \/>\nNous sommes conscients que nos technologies peuvent \u00eatre tr\u00e8s perturbantes pour l\u2019\u00eatre humain d\u2019un point de vue cognitif. Il est n\u00e9cessaire que nous soyons attentifs \u00e0 cette dimension et l\u2019aspect cognitif est un facteur que nous prenons en compte dans le d\u00e9veloppement de nos produits.<\/p>","protected":false},"excerpt":{"rendered":"<p>La PME ITECA est un \u00e9diteur de logiciels innovants pour l\u2019industrie et a notamment une expertise sur les jumeaux num\u00e9riques. Elle a \u00e9t\u00e9 cr\u00e9\u00e9e en 2015. Bas\u00e9e \u00e0 Angoul\u00eame, elle collabore avec le CERCA, l\u2019un des laboratoires f\u00e9d\u00e9r\u00e9s par l\u2019Institut Carnot Cognition. Arnaud Favareilles d&rsquo;Iteca nous pr\u00e9sente sa collaboration avec ce laboratoire bas\u00e9 \u00e0 Poitiers. [&hellip;]<\/p>\n","protected":false},"author":23,"featured_media":1936,"comment_status":"open","ping_status":"open","sticky":false,"template":"","format":"standard","meta":{"_acf_changed":false,"_seopress_robots_primary_cat":"","_seopress_titles_title":"","_seopress_titles_desc":"","_seopress_robots_index":"","footnotes":""},"categories":[11],"tags":[],"class_list":["post-2272","post","type-post","status-publish","format-standard","has-post-thumbnail","hentry","category-non-classe"],"acf":[],"_links":{"self":[{"href":"https:\/\/www.institut-cognition.com\/en\/wp-json\/wp\/v2\/posts\/2272","targetHints":{"allow":["GET"]}}],"collection":[{"href":"https:\/\/www.institut-cognition.com\/en\/wp-json\/wp\/v2\/posts"}],"about":[{"href":"https:\/\/www.institut-cognition.com\/en\/wp-json\/wp\/v2\/types\/post"}],"author":[{"embeddable":true,"href":"https:\/\/www.institut-cognition.com\/en\/wp-json\/wp\/v2\/users\/23"}],"replies":[{"embeddable":true,"href":"https:\/\/www.institut-cognition.com\/en\/wp-json\/wp\/v2\/comments?post=2272"}],"version-history":[{"count":0,"href":"https:\/\/www.institut-cognition.com\/en\/wp-json\/wp\/v2\/posts\/2272\/revisions"}],"wp:featuredmedia":[{"embeddable":true,"href":"https:\/\/www.institut-cognition.com\/en\/wp-json\/wp\/v2\/media\/1936"}],"wp:attachment":[{"href":"https:\/\/www.institut-cognition.com\/en\/wp-json\/wp\/v2\/media?parent=2272"}],"wp:term":[{"taxonomy":"category","embeddable":true,"href":"https:\/\/www.institut-cognition.com\/en\/wp-json\/wp\/v2\/categories?post=2272"},{"taxonomy":"post_tag","embeddable":true,"href":"https:\/\/www.institut-cognition.com\/en\/wp-json\/wp\/v2\/tags?post=2272"}],"curies":[{"name":"wp","href":"https:\/\/api.w.org\/{rel}","templated":true}]}}