{"id":2205,"date":"2023-04-25T10:13:40","date_gmt":"2023-04-25T08:13:40","guid":{"rendered":"https:\/\/www.institut-cognition.com\/?p=2205"},"modified":"2023-04-25T10:13:40","modified_gmt":"2023-04-25T08:13:40","slug":"episode-8-mesure-chien-lombre-de-maitre","status":"publish","type":"post","link":"https:\/\/www.institut-cognition.com\/en\/2023\/04\/25\/episode-8-mesure-chien-lombre-de-maitre\/","title":{"rendered":"\u00c9pisode 8 : \u00abDans quelle mesure le chien est-il l\u2019ombre de son ma\u00eetre ?\u00bb"},"content":{"rendered":"<p>Avez-vous d\u00e9j\u00e0 remarqu\u00e9 qu\u2019il arrive toujours un moment o\u00f9, spontan\u00e9ment, le chien se met \u00e0 suivre son propri\u00e9taire comme un toutou. Ce comportement vis-\u00e0-vis de l\u2019humain &#8211; dit comportement intersp\u00e9cifique &#8211; est propre au chien\u00a0: aucune autre esp\u00e8ce ne fait cela.<\/p>\n<p>Nos travaux ont montr\u00e9 il y a quelques ann\u00e9es qu\u2019une relation de familiarit\u00e9 entre le chien et une personne facilitait la synchronisation de la marche du chien sur elle. Cette synchronisation comportementale li\u00e9e \u00e0 la familiarit\u00e9, se retrouve en revanche entre des cong\u00e9n\u00e8res\u00a0: notamment lors des phases de repos ou de migrations, c\u2019est le cas des oiseaux\u00a0; ou encore dans les d\u00e9placements et l\u2019activit\u00e9 de chasse des canid\u00e9s, des mammif\u00e8res marins par exemple.<\/p>\n<p>Historiquement, en \u00e9thologie pour \u00e9tudier les caract\u00e9ristiques de la synchronisation comportementale intra- ou intersp\u00e9cifique, les trajectoires sont film\u00e9es et les vid\u00e9os sont ensuite analys\u00e9es. S\u2019en suit un traitement de ces donn\u00e9es long et fastidieux.<\/p>\n<p><iframe title=\"Dans quelle mesure le chien est-il l\u2019ombre de son ma\u00eetre ?\" width=\"800\" height=\"450\" src=\"https:\/\/www.youtube.com\/embed\/U3EChAP4zQw?feature=oembed\" frameborder=\"0\" allow=\"accelerometer; autoplay; clipboard-write; encrypted-media; gyroscope; picture-in-picture; web-share\" referrerpolicy=\"strict-origin-when-cross-origin\" allowfullscreen><\/iframe><\/p>","protected":false},"excerpt":{"rendered":"<p>Avez-vous d\u00e9j\u00e0 remarqu\u00e9 qu\u2019il arrive toujours un moment o\u00f9, spontan\u00e9ment, le chien se met \u00e0 suivre son propri\u00e9taire comme un toutou. Ce comportement vis-\u00e0-vis de l\u2019humain &#8211; dit comportement intersp\u00e9cifique &#8211; est propre au chien\u00a0: aucune autre esp\u00e8ce ne fait cela. Nos travaux ont montr\u00e9 il y a quelques ann\u00e9es qu\u2019une relation de familiarit\u00e9 entre [&hellip;]<\/p>\n","protected":false},"author":23,"featured_media":2206,"comment_status":"open","ping_status":"open","sticky":false,"template":"","format":"standard","meta":{"_acf_changed":false,"_seopress_robots_primary_cat":"","_seopress_titles_title":"","_seopress_titles_desc":"","_seopress_robots_index":"","footnotes":""},"categories":[11],"tags":[],"class_list":["post-2205","post","type-post","status-publish","format-standard","has-post-thumbnail","hentry","category-non-classe"],"acf":[],"_links":{"self":[{"href":"https:\/\/www.institut-cognition.com\/en\/wp-json\/wp\/v2\/posts\/2205","targetHints":{"allow":["GET"]}}],"collection":[{"href":"https:\/\/www.institut-cognition.com\/en\/wp-json\/wp\/v2\/posts"}],"about":[{"href":"https:\/\/www.institut-cognition.com\/en\/wp-json\/wp\/v2\/types\/post"}],"author":[{"embeddable":true,"href":"https:\/\/www.institut-cognition.com\/en\/wp-json\/wp\/v2\/users\/23"}],"replies":[{"embeddable":true,"href":"https:\/\/www.institut-cognition.com\/en\/wp-json\/wp\/v2\/comments?post=2205"}],"version-history":[{"count":0,"href":"https:\/\/www.institut-cognition.com\/en\/wp-json\/wp\/v2\/posts\/2205\/revisions"}],"wp:featuredmedia":[{"embeddable":true,"href":"https:\/\/www.institut-cognition.com\/en\/wp-json\/wp\/v2\/media\/2206"}],"wp:attachment":[{"href":"https:\/\/www.institut-cognition.com\/en\/wp-json\/wp\/v2\/media?parent=2205"}],"wp:term":[{"taxonomy":"category","embeddable":true,"href":"https:\/\/www.institut-cognition.com\/en\/wp-json\/wp\/v2\/categories?post=2205"},{"taxonomy":"post_tag","embeddable":true,"href":"https:\/\/www.institut-cognition.com\/en\/wp-json\/wp\/v2\/tags?post=2205"}],"curies":[{"name":"wp","href":"https:\/\/api.w.org\/{rel}","templated":true}]}}