{"id":2186,"date":"2023-04-14T09:56:27","date_gmt":"2023-04-14T07:56:27","guid":{"rendered":"https:\/\/www.institut-cognition.com\/?p=2186"},"modified":"2023-04-14T09:56:27","modified_gmt":"2023-04-14T07:56:27","slug":"retour-journee-r-t-cognition-29-mars-2023","status":"publish","type":"post","link":"https:\/\/www.institut-cognition.com\/en\/2023\/04\/14\/retour-journee-r-t-cognition-29-mars-2023\/","title":{"rendered":"Retour sur la journ\u00e9e R &#038; T Cognition du 29 mars 2023"},"content":{"rendered":"<p>Une journ\u00e9e d&rsquo;\u00e9changes et de rencontres avec les entreprises pour faire d\u00e9couvrir les sciences cognitives et leurs apports. 22 laboratoires ont pr\u00e9sent\u00e9 leurs travaux de recherche et 4 start-up ont \u00e9t\u00e9 convi\u00e9s.<\/p>\n<p><a href=\"https:\/\/www.institut-cognition.com\/wp-content\/uploads\/2023\/04\/photo-salon.odt\">photo salon<\/a> <img fetchpriority=\"high\" decoding=\"async\" class=\"alignnone size-medium wp-image-2194\" src=\"https:\/\/www.institut-cognition.com\/wp-content\/uploads\/2023\/04\/Diapositive1-300x169.jpg\" alt=\"\" width=\"300\" height=\"169\" srcset=\"https:\/\/www.institut-cognition.com\/wp-content\/uploads\/2023\/04\/Diapositive1-300x169.jpg 300w, https:\/\/www.institut-cognition.com\/wp-content\/uploads\/2023\/04\/Diapositive1-1024x576.jpg 1024w, https:\/\/www.institut-cognition.com\/wp-content\/uploads\/2023\/04\/Diapositive1-768x432.jpg 768w, https:\/\/www.institut-cognition.com\/wp-content\/uploads\/2023\/04\/Diapositive1.jpg 1280w\" sizes=\"(max-width: 300px) 100vw, 300px\" \/><br \/>\n48 d\u00e9monstrateurs ont \u00e9t\u00e9 r\u00e9parties selon 4 axes : augmentation collective, \u00e9valuations cognitives comportementales, cognition collective et cognition et langage avec leurs domaines d&rsquo;applications respectifs (IT, m\u00e9dias et t\u00e9l\u00e9communications, sant\u00e9 et e-sant\u00e9, environnement, transports, loisirs &amp; sports, e-commerce, domotique et \u00e9ducation, finance et assurance, solutions industrielles).<\/p>\n<p>Des tables rondes et keynotes se sont \u00e9galement tenues pour faire le point sur les derni\u00e8res avanc\u00e9es en science cognitive.<\/p>\n<p>&nbsp;<\/p>\n<p><iframe title=\"Retour sur la journ\u00e9e R&amp;T Cognition du 29 mars 2023\" width=\"800\" height=\"450\" src=\"https:\/\/www.youtube.com\/embed\/H3VyOvL2vtI?feature=oembed\" frameborder=\"0\" allow=\"accelerometer; autoplay; clipboard-write; encrypted-media; gyroscope; picture-in-picture; web-share\" referrerpolicy=\"strict-origin-when-cross-origin\" allowfullscreen><\/iframe><\/p>","protected":false},"excerpt":{"rendered":"<p>Une journ\u00e9e d&rsquo;\u00e9changes et de rencontres avec les entreprises pour faire d\u00e9couvrir les sciences cognitives et leurs apports. 22 laboratoires ont pr\u00e9sent\u00e9 leurs travaux de recherche et 4 start-up ont \u00e9t\u00e9 convi\u00e9s. photo salon 48 d\u00e9monstrateurs ont \u00e9t\u00e9 r\u00e9parties selon 4 axes : augmentation collective, \u00e9valuations cognitives comportementales, cognition collective et cognition et langage avec [&hellip;]<\/p>\n","protected":false},"author":23,"featured_media":2114,"comment_status":"open","ping_status":"open","sticky":false,"template":"","format":"standard","meta":{"_acf_changed":false,"_seopress_robots_primary_cat":"","_seopress_titles_title":"","_seopress_titles_desc":"","_seopress_robots_index":"","footnotes":""},"categories":[11],"tags":[],"class_list":["post-2186","post","type-post","status-publish","format-standard","has-post-thumbnail","hentry","category-non-classe"],"acf":[],"_links":{"self":[{"href":"https:\/\/www.institut-cognition.com\/en\/wp-json\/wp\/v2\/posts\/2186","targetHints":{"allow":["GET"]}}],"collection":[{"href":"https:\/\/www.institut-cognition.com\/en\/wp-json\/wp\/v2\/posts"}],"about":[{"href":"https:\/\/www.institut-cognition.com\/en\/wp-json\/wp\/v2\/types\/post"}],"author":[{"embeddable":true,"href":"https:\/\/www.institut-cognition.com\/en\/wp-json\/wp\/v2\/users\/23"}],"replies":[{"embeddable":true,"href":"https:\/\/www.institut-cognition.com\/en\/wp-json\/wp\/v2\/comments?post=2186"}],"version-history":[{"count":0,"href":"https:\/\/www.institut-cognition.com\/en\/wp-json\/wp\/v2\/posts\/2186\/revisions"}],"wp:featuredmedia":[{"embeddable":true,"href":"https:\/\/www.institut-cognition.com\/en\/wp-json\/wp\/v2\/media\/2114"}],"wp:attachment":[{"href":"https:\/\/www.institut-cognition.com\/en\/wp-json\/wp\/v2\/media?parent=2186"}],"wp:term":[{"taxonomy":"category","embeddable":true,"href":"https:\/\/www.institut-cognition.com\/en\/wp-json\/wp\/v2\/categories?post=2186"},{"taxonomy":"post_tag","embeddable":true,"href":"https:\/\/www.institut-cognition.com\/en\/wp-json\/wp\/v2\/tags?post=2186"}],"curies":[{"name":"wp","href":"https:\/\/api.w.org\/{rel}","templated":true}]}}