{"id":2182,"date":"2023-04-13T11:36:28","date_gmt":"2023-04-13T09:36:28","guid":{"rendered":"https:\/\/www.institut-cognition.com\/?p=2182"},"modified":"2023-04-13T11:36:28","modified_gmt":"2023-04-13T09:36:28","slug":"sciences-cognitives-pme-integrent-lhumain-leurs-innovations","status":"publish","type":"post","link":"https:\/\/www.institut-cognition.com\/en\/2023\/04\/13\/sciences-cognitives-pme-integrent-lhumain-leurs-innovations\/","title":{"rendered":"Avec les sciences cognitives, les PME int\u00e8grent l\u2019humain dans leurs innovations"},"content":{"rendered":"<p><strong>Trop peu de PME prennent en compte la dimension cognitive dans leurs offres alors m\u00eame que l\u2019Humain doit \u00eatre l\u2019\u00e9l\u00e9ment central qui guide leur d\u00e9veloppement et leurs ambitions. Pour passer \u00e0 l\u2019acte et pr\u00e9parer le coup d\u2019apr\u00e8s, l\u2019une des pistes est de regarder du c\u00f4t\u00e9 de la recherche en sciences cognitives, qui, en France, est particuli\u00e8rement prolifique et avanc\u00e9e.<\/strong><\/p>\n<p>Toutes les entreprises, des plus grandes aux plus petites, annoncent mettre le facteur humain au c\u0153ur de leur strat\u00e9gie, de leurs valeurs, de leurs pr\u00e9occupations et de leurs activit\u00e9s. On ne compte plus les baselines et autres mantras sur le sujet.<\/p>\n<p>Pourtant, en 2023, les offres de produits et services, les innovations et les organisations restent essentiellement port\u00e9es par la technologie. Quant aux sciences et technologies cognitives &#8211; qui analysent les facult\u00e9s humaines d\u2019interaction avec tous les types d\u2019environnements et d\u00e9veloppent des technologies adapt\u00e9es \u2013 elles sont encore trop peu exploit\u00e9es par les entreprises alors m\u00eame que la recherche dans les laboratoires fran\u00e7ais est foisonnante et en avance sur beaucoup de leurs homologues internationaux.<\/p>\n<p>Quand la technologie oublie l\u2019Humain<\/p>\n<p>Les derniers d\u00e9veloppements de l\u2019IA g\u00e9n\u00e9rative sont une expression patente de ce d\u00e9calage. Si l\u2019outil fascine par ses capacit\u00e9s, qui semblent infinies, de production de textes, d\u2019images ou encore de code informatique, il continue de reposer sur une approche purement algorithmique et reste encore, en r\u00e9alit\u00e9, loin de remplacer les capacit\u00e9s d\u2019analyse et d\u2019interaction humaines.<\/p>\n<p>L\u2019int\u00e9gralit\u00e9 de l\u2019article et tribune r\u00e9dig\u00e9 par C\u00e9lestin Sedegbo est \u00e0 d\u00e9couvrir sur <a href=\"https:\/\/www.gpomag.fr\/web\/tribunes-libres\/sciences-cognitives-et-pme\">gpo.fr<\/a><\/p>","protected":false},"excerpt":{"rendered":"<p>Trop peu de PME prennent en compte la dimension cognitive dans leurs offres alors m\u00eame que l\u2019Humain doit \u00eatre l\u2019\u00e9l\u00e9ment central qui guide leur d\u00e9veloppement et leurs ambitions. Pour passer \u00e0 l\u2019acte et pr\u00e9parer le coup d\u2019apr\u00e8s, l\u2019une des pistes est de regarder du c\u00f4t\u00e9 de la recherche en sciences cognitives, qui, en France, est [&hellip;]<\/p>\n","protected":false},"author":23,"featured_media":2177,"comment_status":"open","ping_status":"open","sticky":false,"template":"","format":"standard","meta":{"_acf_changed":false,"_seopress_robots_primary_cat":"","_seopress_titles_title":"","_seopress_titles_desc":"","_seopress_robots_index":"","footnotes":""},"categories":[11],"tags":[],"class_list":["post-2182","post","type-post","status-publish","format-standard","has-post-thumbnail","hentry","category-non-classe"],"acf":[],"_links":{"self":[{"href":"https:\/\/www.institut-cognition.com\/en\/wp-json\/wp\/v2\/posts\/2182","targetHints":{"allow":["GET"]}}],"collection":[{"href":"https:\/\/www.institut-cognition.com\/en\/wp-json\/wp\/v2\/posts"}],"about":[{"href":"https:\/\/www.institut-cognition.com\/en\/wp-json\/wp\/v2\/types\/post"}],"author":[{"embeddable":true,"href":"https:\/\/www.institut-cognition.com\/en\/wp-json\/wp\/v2\/users\/23"}],"replies":[{"embeddable":true,"href":"https:\/\/www.institut-cognition.com\/en\/wp-json\/wp\/v2\/comments?post=2182"}],"version-history":[{"count":0,"href":"https:\/\/www.institut-cognition.com\/en\/wp-json\/wp\/v2\/posts\/2182\/revisions"}],"wp:featuredmedia":[{"embeddable":true,"href":"https:\/\/www.institut-cognition.com\/en\/wp-json\/wp\/v2\/media\/2177"}],"wp:attachment":[{"href":"https:\/\/www.institut-cognition.com\/en\/wp-json\/wp\/v2\/media?parent=2182"}],"wp:term":[{"taxonomy":"category","embeddable":true,"href":"https:\/\/www.institut-cognition.com\/en\/wp-json\/wp\/v2\/categories?post=2182"},{"taxonomy":"post_tag","embeddable":true,"href":"https:\/\/www.institut-cognition.com\/en\/wp-json\/wp\/v2\/tags?post=2182"}],"curies":[{"name":"wp","href":"https:\/\/api.w.org\/{rel}","templated":true}]}}