{"id":2010,"date":"2021-10-18T14:48:27","date_gmt":"2021-10-18T12:48:27","guid":{"rendered":"https:\/\/www.institut-cognition.com\/?p=2010"},"modified":"2021-10-18T14:48:27","modified_gmt":"2021-10-18T12:48:27","slug":"2010-2","status":"publish","type":"post","link":"https:\/\/www.institut-cognition.com\/en\/2021\/10\/18\/2010-2\/","title":{"rendered":"Venez rencontrer l\u2019Institut Carnot Cognition aux Rendez-vous Carnot 2021, le RDV de la R&#038;D pour les entreprises !"},"content":{"rendered":"<p><span class=\"break-words\"><span dir=\"ltr\">???? Venez rencontrer l\u2019Institut Carnot Cognition aux Rendez-vous Carnot 2021, le RDV de la R&amp;D pour les entreprises\u00a0!<\/span><\/span><\/p>\n<p>????\u00a0Du mercredi 17 novembre au jeudi 18 novembre 2021<br \/>\n???? Centre des Congr\u00e8s, 50 quai Charles de Gaulle, 69006 Lyon<\/p>\n<p>???? Au programme de ces deux journ\u00e9es :<br \/>\n&#8211; des RDV d\u2019affaires avec des membres de l\u2019Institut Carnot Cognition<br \/>\n&#8211; de nombreuses conf\u00e9rences et tables rondes<br \/>\n&#8211; des pitchs Start-up et PME innovantes laur\u00e9ates<br \/>\n&#8211; des RDV avec des d\u00e9cideurs Open-innovation de grands groupes, des investisseurs\/financeurs<br \/>\n&#8211; des ateliers de financements<br \/>\n&#8211; la remise des Prix FIEEC CARNOT 2021 de la recherche appliqu\u00e9e<br \/>\nEt bien d\u2019autres encore\u00a0!<\/p>\n<p>???? En attendant l&rsquo;ouverture des inscriptions aux RDV d\u2019affaires, vous pouvez d&rsquo;ores et d\u00e9j\u00e0 vous inscrire gratuitement au salon via ce lien\u00a0: https:\/\/rdv-carnot.vimeet.events\/fr\/question\/128<\/p>\n<p>???? Pour plus d&rsquo;information sur le salon : https:\/\/www.rdv-carnot.com\/<\/p>\n<p>\u2709 N\u2019h\u00e9sitez pas \u00e9galement \u00e0 nous contacter si besoin par mail \u00e0 : <a href=\"mailto:contact@institut-cognition.com\" data-attribute-index=\"112\">contact@institut-cognition.com<\/a><\/p>\n<p>Nous esp\u00e9rons vous y retrouver nombreux !<\/p>","protected":false},"excerpt":{"rendered":"<p>???? Venez rencontrer l\u2019Institut Carnot Cognition aux Rendez-vous Carnot 2021, le RDV de la R&amp;D pour les entreprises\u00a0! ????\u00a0Du mercredi 17 novembre au jeudi 18 novembre 2021 ???? Centre des Congr\u00e8s, 50 quai Charles de Gaulle, 69006 Lyon ???? Au programme de ces deux journ\u00e9es : &#8211; des RDV d\u2019affaires avec des membres de l\u2019Institut [&hellip;]<\/p>\n","protected":false},"author":23,"featured_media":2013,"comment_status":"open","ping_status":"open","sticky":false,"template":"","format":"standard","meta":{"_acf_changed":false,"_seopress_robots_primary_cat":"","_seopress_titles_title":"","_seopress_titles_desc":"L\u2019Institut Carnot Cognition participe du 17 novembre au jeudi 18 novembre aux Rendez-vous Carnot 2021, le RDV de la R&D pour les entreprises \u00e0 Lyon.","_seopress_robots_index":"","footnotes":""},"categories":[11],"tags":[114,115,63,15,116,117,68,118,20,21,22,119,120,121,122,123,124,101,125,112,126],"class_list":["post-2010","post","type-post","status-publish","format-standard","has-post-thumbnail","hentry","category-non-classe","tag-114","tag-ateliers-de-financements","tag-carnot","tag-cognition","tag-conferences","tag-decideurs-open-innovation","tag-entreprises","tag-financeurs","tag-institut-carnot","tag-institut-carnot-cognition","tag-institut-cognition","tag-investisseurs","tag-pitchs-start-up","tag-pme-innovantes-laureates","tag-prix-fieec-carnot-2021","tag-rd","tag-rdv","tag-recherche-appliquee","tag-rendez-vous","tag-salon","tag-tables-rondes"],"acf":[],"_links":{"self":[{"href":"https:\/\/www.institut-cognition.com\/en\/wp-json\/wp\/v2\/posts\/2010","targetHints":{"allow":["GET"]}}],"collection":[{"href":"https:\/\/www.institut-cognition.com\/en\/wp-json\/wp\/v2\/posts"}],"about":[{"href":"https:\/\/www.institut-cognition.com\/en\/wp-json\/wp\/v2\/types\/post"}],"author":[{"embeddable":true,"href":"https:\/\/www.institut-cognition.com\/en\/wp-json\/wp\/v2\/users\/23"}],"replies":[{"embeddable":true,"href":"https:\/\/www.institut-cognition.com\/en\/wp-json\/wp\/v2\/comments?post=2010"}],"version-history":[{"count":0,"href":"https:\/\/www.institut-cognition.com\/en\/wp-json\/wp\/v2\/posts\/2010\/revisions"}],"wp:featuredmedia":[{"embeddable":true,"href":"https:\/\/www.institut-cognition.com\/en\/wp-json\/wp\/v2\/media\/2013"}],"wp:attachment":[{"href":"https:\/\/www.institut-cognition.com\/en\/wp-json\/wp\/v2\/media?parent=2010"}],"wp:term":[{"taxonomy":"category","embeddable":true,"href":"https:\/\/www.institut-cognition.com\/en\/wp-json\/wp\/v2\/categories?post=2010"},{"taxonomy":"post_tag","embeddable":true,"href":"https:\/\/www.institut-cognition.com\/en\/wp-json\/wp\/v2\/tags?post=2010"}],"curies":[{"name":"wp","href":"https:\/\/api.w.org\/{rel}","templated":true}]}}