{"id":1924,"date":"2021-07-30T13:57:37","date_gmt":"2021-07-30T11:57:37","guid":{"rendered":"https:\/\/www.institut-cognition.com\/?p=1924"},"modified":"2021-07-30T13:57:37","modified_gmt":"2021-07-30T11:57:37","slug":"rapport-dactivite-2020-de-linstitut-disponible","status":"publish","type":"post","link":"https:\/\/www.institut-cognition.com\/en\/2021\/07\/30\/rapport-dactivite-2020-de-linstitut-disponible\/","title":{"rendered":"L\u2019Institut Carnot Cognition vous pr\u00e9sente son rapport d\u2019activit\u00e9 de l\u2019ann\u00e9e 2020"},"content":{"rendered":"<p><strong>L\u2019Institut Carnot Cognition vous pr\u00e9sente son rapport d\u2019activit\u00e9 de l\u2019ann\u00e9e 2020 !<\/strong><\/p>\n<p>L\u2019ann\u00e9e 2020 a \u00e9t\u00e9 marqu\u00e9e par deux \u00e9v\u00e8nements majeurs\u00a0pour l\u2019Institut Carnot Cognition : la reconnaissance de notre transformation, depuis le dispositif Tremplin Carnot, par l\u2019octroi du label Carnot par le Minist\u00e8re de l\u2019Enseignement Sup\u00e9rieur, de la Recherche et de l\u2019Innovation, ainsi que l\u2019\u00e9lan de mobilisation massif des chercheurs de l&rsquo;Institut face \u00e0 la crise sanitaire de la COVID-19, qui ont mis leurs expertises scientifiques au service de nombreux enjeux soci\u00e9taux et sanitaires ainsi pos\u00e9s.<\/p>\n<p>Au sommaire de ce rapport d\u2019activit\u00e9 : un rappel de notre identit\u00e9 sp\u00e9cifique et la pr\u00e9sentation de notre programme scientifique d\u00e9velopp\u00e9 autour de nos 4 axes scientifiques diff\u00e9renciateurs (Technologies d\u2019augmentation cognitive, \u00c9valuations comportementales cognitives, Cognition collective et Cognition et langage).<\/p>\n<p>Vous pourrez aussi d\u00e9couvrir nos plateformes et notre portefeuille technologique,\u00a0mobilisables pour ouvrir les potentialit\u00e9s de projets de collaboration.<\/p>\n<p>Et pour finir, nous vous pr\u00e9senterons un focus sur nos activit\u00e9s de recherche partenariale de l\u2019ann\u00e9e : chiffres cl\u00e9s, instruments et outils de d\u00e9veloppement, secteurs investis, prospective, etc.<\/p>\n<p>Pour consulter notre rapport annuel,\u00a0cliquez sur le lien ci-dessous\u00a0:<\/p>\n<h4 style=\"text-align: center;\"><strong><a href=\"https:\/\/www.institut-cognition.com\/wp-content\/uploads\/2021\/07\/Rapport-activite-2020_V2.pdf\" target=\"_blank\" rel=\"noopener\">&gt;&gt; Rapport d&rsquo;activit\u00e9 2020 &lt;&lt;<\/a><\/strong><\/h4>\n<p>&nbsp;<\/p>\n<p>Nous vous en souhaitons une bonne lecture\u00a0!<\/p>","protected":false},"excerpt":{"rendered":"<p>L\u2019Institut Carnot Cognition vous pr\u00e9sente son rapport d\u2019activit\u00e9 de l\u2019ann\u00e9e 2020 ! L\u2019ann\u00e9e 2020 a \u00e9t\u00e9 marqu\u00e9e par deux \u00e9v\u00e8nements majeurs\u00a0pour l\u2019Institut Carnot Cognition : la reconnaissance de notre transformation, depuis le dispositif Tremplin Carnot, par l\u2019octroi du label Carnot par le Minist\u00e8re de l\u2019Enseignement Sup\u00e9rieur, de la Recherche et de l\u2019Innovation, ainsi que l\u2019\u00e9lan [&hellip;]<\/p>\n","protected":false},"author":23,"featured_media":1939,"comment_status":"open","ping_status":"open","sticky":false,"template":"","format":"standard","meta":{"_acf_changed":false,"_seopress_robots_primary_cat":"","_seopress_titles_title":"","_seopress_titles_desc":"Notre rapport d'activit\u00e9 de l'ann\u00e9e 2020 est en ligne ! Au programme : un rappel de notre identit\u00e9 sp\u00e9cifique et la pr\u00e9sentation de notre programme scientifique d\u00e9velopp\u00e9 autour de 4 axes. Vous pourrez aussi d\u00e9couvrir nos plateformes et notre portefeuille technologique, mobilisables pour ouvrir les potentialit\u00e9s de projets de collaboration. Et en suivant, un focus sur nos activit\u00e9s de recherche partenariale de l'ann\u00e9e : chiffres cl\u00e9s, instruments et outils de d\u00e9veloppement, secteurs investis, prospective, etc.","_seopress_robots_index":"","footnotes":""},"categories":[11],"tags":[63,12,15,78,79,80,21,22,81,82,83,84,24,85,25,26,86],"class_list":["post-1924","post","type-post","status-publish","format-standard","has-post-thumbnail","hentry","category-non-classe","tag-carnot","tag-carnot-cognition","tag-cognition","tag-cognition-collective","tag-cognition-et-langage","tag-evaluations-comportementales-cognitives","tag-institut-carnot-cognition","tag-institut-cognition","tag-plateformes-technologiques","tag-portefeuille-technologique","tag-programme-scientifique","tag-projets-collaboration","tag-rapport-dactivite","tag-rapport-dactivite-2020","tag-recherche","tag-recherche-partenariale","tag-technologies-daugmentation-cognitive"],"acf":[],"_links":{"self":[{"href":"https:\/\/www.institut-cognition.com\/en\/wp-json\/wp\/v2\/posts\/1924","targetHints":{"allow":["GET"]}}],"collection":[{"href":"https:\/\/www.institut-cognition.com\/en\/wp-json\/wp\/v2\/posts"}],"about":[{"href":"https:\/\/www.institut-cognition.com\/en\/wp-json\/wp\/v2\/types\/post"}],"author":[{"embeddable":true,"href":"https:\/\/www.institut-cognition.com\/en\/wp-json\/wp\/v2\/users\/23"}],"replies":[{"embeddable":true,"href":"https:\/\/www.institut-cognition.com\/en\/wp-json\/wp\/v2\/comments?post=1924"}],"version-history":[{"count":0,"href":"https:\/\/www.institut-cognition.com\/en\/wp-json\/wp\/v2\/posts\/1924\/revisions"}],"wp:featuredmedia":[{"embeddable":true,"href":"https:\/\/www.institut-cognition.com\/en\/wp-json\/wp\/v2\/media\/1939"}],"wp:attachment":[{"href":"https:\/\/www.institut-cognition.com\/en\/wp-json\/wp\/v2\/media?parent=1924"}],"wp:term":[{"taxonomy":"category","embeddable":true,"href":"https:\/\/www.institut-cognition.com\/en\/wp-json\/wp\/v2\/categories?post=1924"},{"taxonomy":"post_tag","embeddable":true,"href":"https:\/\/www.institut-cognition.com\/en\/wp-json\/wp\/v2\/tags?post=1924"}],"curies":[{"name":"wp","href":"https:\/\/api.w.org\/{rel}","templated":true}]}}