{"id":10252,"date":"2025-10-29T14:28:32","date_gmt":"2025-10-29T14:28:32","guid":{"rendered":"https:\/\/www.institut-cognition.com\/?p=10252"},"modified":"2025-10-29T14:28:33","modified_gmt":"2025-10-29T14:28:33","slug":"les-nouveau-nes-et-la-perception-des-visages","status":"publish","type":"post","link":"https:\/\/www.institut-cognition.com\/en\/2025\/10\/29\/les-nouveau-nes-et-la-perception-des-visages\/","title":{"rendered":"Les nouveau-n\u00e9s et la perception des visages"},"content":{"rendered":"<h5 class=\"wp-block-heading\"><strong>D\u00e8s la naissance, les nourrissons sont int\u00e9ress\u00e9s par les visages et pr\u00e9f\u00e8rent regarder un visage plut\u00f4t que tout autre chose. Cette attirance vers les visages va leur permettre d&rsquo;\u00e9tablir leurs premiers liens avec leur entourage.<\/strong><\/h5>\n\n\n\n<p><br>Progressivement, ils vont \u00eatre capables de diff\u00e9rencier les visages qui leur sont familiers des autres visages. Si c&rsquo;est une femme qui s&rsquo;occupe plus de lui, le nourrisson de trois mois pr\u00e9f\u00e8rera regarder les visages f\u00e9minins. Si c&rsquo;est un homme, ce sont les visages masculins que le nourrisson pr\u00e9f\u00e8rera regarder.<\/p>\n\n\n\n<p>Les nouveau-n\u00e9s reconnaissent le visage de leur m\u00e8re au bout de trois jours mais seulement si celle-ci profite des quelques heures d&rsquo;\u00e9veil du nourrisson pour lui parler. C&rsquo;est gr\u00e2ce au contour de la t\u00eate et des cheveux que les nouveau-n\u00e9s reconnaissent leur m\u00e8re. Si cette derni\u00e8re met par exemple des lunettes ou un foulard sur la t\u00eate, le nourrisson n&rsquo;est plus capable de reconna\u00eetre le visage de sa m\u00e8re, Il s&rsquo;appuie alors sur d&rsquo;autre indices (voix, odeur\u2026) pour la reconnaissance.<\/p>\n\n\n\n<p>Le r\u00f4le des premiers contacts est important et d&rsquo;autres travaux ont mis en \u00e9vidence que les nouveau-n\u00e9s pr\u00e9f\u00e8rent les visages d&rsquo;adultes que d&rsquo;enfants.<\/p>\n\n\n\n<div class=\"wp-block-group is-nowrap is-layout-flex wp-container-core-group-is-layout-6c531013 wp-block-group-is-layout-flex\">\n<hr class=\"wp-block-separator has-alpha-channel-opacity\"\/>\n\n\n\n<hr class=\"wp-block-separator has-alpha-channel-opacity\"\/>\n<\/div>\n\n\n\n<h2 class=\"wp-block-heading\"><strong>L\u2019importance du regard<\/strong><\/h2>\n\n\n\n<div class=\"wp-block-columns is-layout-flex wp-container-core-columns-is-layout-28f84493 wp-block-columns-is-layout-flex\">\n<div class=\"wp-block-column is-layout-flow wp-block-column-is-layout-flow\" style=\"flex-basis:66%\">\n<p>Les nouveau-n\u00e9s sont sensibles tr\u00e8s t\u00f4t \u00e0 la direction du regard, en tant qu\u2019information sociale\u00a0<em>per se<\/em>, r\u00e9sultat possible de l\u2019histoire phylog\u00e9n\u00e9tique et des premi\u00e8res heures\u00a0<em>post-partum<\/em>.<\/p>\n\n\n\n<p>D\u00e8s la naissance, les nouveau-n\u00e9s sont confront\u00e9s \u00e0 des stimulations multimodales. Des \u00e9tudes r\u00e9centes ont montr\u00e9 que les nouveau-n\u00e9s ont des<strong> comp\u00e9tences de reconnaissance sociale accrue<\/strong> pour un visage o\u00f9 regard direct et production de langage \u00e9taient associ\u00e9s.<\/p>\n\n\n\n<p>Afin de tester l\u2019hypoth\u00e8se d\u2019une sensibilit\u00e9 pr\u00e9coce \u00e0 la direction du regard comme signal social, 32 nouveau-n\u00e9s (moins de 72 heures apr\u00e8s leur naissance) ont \u00e9t\u00e9 confront\u00e9s \u00e0 des vid\u00e9os d\u2019adultes parlant et regardant dans leur direction. Dans une premi\u00e8re partie (familiarisation), la moiti\u00e9 des enfants est confront\u00e9e \u00e0 un adulte avec un regard direct (vers leurs yeux), l\u2019autre \u00e0 un adulte avec un regard \u00ab distrait \u00bb (regardant au-dessus de la ligne de leurs yeux).<\/p>\n\n\n\n<p>Dans les deux cas, le regard est donc sym\u00e9trique puisque dirig\u00e9 dans la m\u00eame direction, mais, au cours des interactions sociales, l\u2019un (le regard direct) est indicateur de volont\u00e9 d\u2019interaction, alors que l\u2019autre (le regard distrait) est associ\u00e9 \u00e0 une rupture de l\u2019interaction.<\/p>\n\n\n\n<p>Apr\u00e8s cette phase de familiarisation, les nouveau-n\u00e9s sont plac\u00e9s face \u00e0 des vid\u00e9os du visage familier et d\u2019un visage non familier pr\u00e9sent\u00e9s dans la m\u00eame situation (regard direct ou regard distrait selon les enfants).<\/p>\n<\/div>\n\n\n\n<div class=\"wp-block-column is-layout-flow wp-block-column-is-layout-flow\" style=\"flex-basis:34%\">\n<figure class=\"wp-block-image\"><img fetchpriority=\"high\" decoding=\"async\" width=\"576\" height=\"1024\" src=\"https:\/\/www.institut-cognition.com\/wp-content\/uploads\/2025\/10\/image-20250901-123554-2-576x1024.png\" alt=\"L'importance du regard\" class=\"wp-image-10278\" srcset=\"https:\/\/www.institut-cognition.com\/wp-content\/uploads\/2025\/10\/image-20250901-123554-2-576x1024.png 576w, https:\/\/www.institut-cognition.com\/wp-content\/uploads\/2025\/10\/image-20250901-123554-2-169x300.png 169w, https:\/\/www.institut-cognition.com\/wp-content\/uploads\/2025\/10\/image-20250901-123554-2-7x12.png 7w, https:\/\/www.institut-cognition.com\/wp-content\/uploads\/2025\/10\/image-20250901-123554-2.png 739w\" sizes=\"(max-width: 576px) 100vw, 576px\" \/><\/figure>\n<\/div>\n<\/div>\n\n\n\n<h5 class=\"wp-block-heading\"><strong>Les r\u00e9sultats montrent\u00a0:<\/strong><\/h5>\n\n\n\n<ul class=\"wp-block-list\">\n<li>que les nouveau-n\u00e9s regardent plus longtemps une personne leur parlant avec un regard direct qu\u2019une personne leur parlant avec un regard distrait: un regard direct semble stimuler leur attention<\/li>\n\n\n\n<li>que les nouveau-n\u00e9s familiaris\u00e9s avec un visage au regard direct, le distinguaient clairement d\u2019un visage non-familier lors du test de reconnaissance alors que ceux ayant \u00e9t\u00e9 confront\u00e9s \u00e0 un visage au regard distrait pendant la familiarisation ne faisaient pas de distinction avec un nouveau visage.<\/li>\n<\/ul>\n\n\n\n<div style=\"height:34px\" aria-hidden=\"true\" class=\"wp-block-spacer\"><\/div>\n\n\n\n<p>L\u2019attention accrue observ\u00e9e en cas de regard direct pourrait avoir augment\u00e9 l\u2019apprentissage et la m\u00e9morisation des caract\u00e9ristiques du visage de l\u2019adulte.<\/p>\n\n\n\n<p>\u00c0 ce stade, il semblerait en tout cas que les nouveau-n\u00e9s disposent d\u00e9j\u00e0 d\u2019une capacit\u00e9 \u00e0 distinguer si un interlocuteur s\u2019adresse \u00e0 eux (regard direct) ou \u00e0 d\u2019autres (regard distrait ou de c\u00f4t\u00e9 comme mis en \u00e9vidence dans des \u00e9tudes ant\u00e9rieures).<\/p>\n\n\n\n<p>Cette \u00e9tude d\u00e9montre donc<strong> une capacit\u00e9 pr\u00e9coce des nouveau-n\u00e9s humains \u00e0 discriminer un regard direct ou distrait<\/strong>, ind\u00e9pendamment d\u2019un effet de contraste dans la r\u00e9gion des yeux. Elle confirme aussi l\u2019importance du contexte social pour stimuler et r\u00e9v\u00e9ler une telle capacit\u00e9.<\/p>\n\n\n\n<p>Cette sensibilit\u00e9 pr\u00e9coce, combin\u00e9e aux exp\u00e9riences sociales directes, constitue une base importante pour le d\u00e9veloppement de comp\u00e9tences comme la capacit\u00e9 \u00e0 distinguer l\u2019\u00e9tat attentionnel de l\u2019interlocuteur.<\/p>\n\n\n\n<p>Parce que les interactions sociales et les capacit\u00e9s perceptuelles pr\u00e9coces influencent le d\u00e9veloppement de la cognition sociale, ces r\u00e9sultats sont importants pour encourager les parents et soignants \u00e0 interagir activement avec les nouveau-n\u00e9s sans \u00eatre distraits par d\u2019autres stimulations.<\/p>\n\n\n\n<h5 class=\"wp-block-heading has-text-align-center\"><strong>Read more\u00a0<\/strong>:<\/h5>\n\n\n\n<div class=\"wp-block-buttons is-content-justification-center is-layout-flex wp-container-core-buttons-is-layout-a89b3969 wp-block-buttons-is-layout-flex\">\n<div class=\"wp-block-button\"><a class=\"wp-block-button__link wp-element-button\" href=\"https:\/\/lpnc.univ-grenoble-alpes.fr\/fr\/babylab\"><mark style=\"background-color:rgba(0, 0, 0, 0)\" class=\"has-inline-color has-white-color\">Actualit\u00e9 du Babylab du LPNC de Grenoble<\/mark><\/a><\/div>\n<\/div>\n\n\n\n<p><\/p>","protected":false},"excerpt":{"rendered":"<p>D\u00e8s la naissance, les nourrissons sont int\u00e9ress\u00e9s par les visages et pr\u00e9f\u00e8rent regarder un visage plut\u00f4t que tout autre chose.<\/p>","protected":false},"author":26,"featured_media":10256,"comment_status":"open","ping_status":"open","sticky":false,"template":"","format":"standard","meta":{"_acf_changed":false,"_seopress_robots_primary_cat":"none","_seopress_titles_title":"Les nouveau-n\u00e9s et la perception des visages","_seopress_titles_desc":"D\u00e8s la naissance, les nourrissons sont int\u00e9ress\u00e9s par les visages et pr\u00e9f\u00e8rent regarder un visage plut\u00f4t que tout autre chose.","_seopress_robots_index":"","footnotes":""},"categories":[167],"tags":[],"class_list":["post-10252","post","type-post","status-publish","format-standard","has-post-thumbnail","hentry","category-axes"],"acf":[],"_links":{"self":[{"href":"https:\/\/www.institut-cognition.com\/en\/wp-json\/wp\/v2\/posts\/10252","targetHints":{"allow":["GET"]}}],"collection":[{"href":"https:\/\/www.institut-cognition.com\/en\/wp-json\/wp\/v2\/posts"}],"about":[{"href":"https:\/\/www.institut-cognition.com\/en\/wp-json\/wp\/v2\/types\/post"}],"author":[{"embeddable":true,"href":"https:\/\/www.institut-cognition.com\/en\/wp-json\/wp\/v2\/users\/26"}],"replies":[{"embeddable":true,"href":"https:\/\/www.institut-cognition.com\/en\/wp-json\/wp\/v2\/comments?post=10252"}],"version-history":[{"count":41,"href":"https:\/\/www.institut-cognition.com\/en\/wp-json\/wp\/v2\/posts\/10252\/revisions"}],"predecessor-version":[{"id":10715,"href":"https:\/\/www.institut-cognition.com\/en\/wp-json\/wp\/v2\/posts\/10252\/revisions\/10715"}],"wp:featuredmedia":[{"embeddable":true,"href":"https:\/\/www.institut-cognition.com\/en\/wp-json\/wp\/v2\/media\/10256"}],"wp:attachment":[{"href":"https:\/\/www.institut-cognition.com\/en\/wp-json\/wp\/v2\/media?parent=10252"}],"wp:term":[{"taxonomy":"category","embeddable":true,"href":"https:\/\/www.institut-cognition.com\/en\/wp-json\/wp\/v2\/categories?post=10252"},{"taxonomy":"post_tag","embeddable":true,"href":"https:\/\/www.institut-cognition.com\/en\/wp-json\/wp\/v2\/tags?post=10252"}],"curies":[{"name":"wp","href":"https:\/\/api.w.org\/{rel}","templated":true}]}}